{"id":9096,"date":"2023-03-19T14:56:05","date_gmt":"2023-03-19T21:56:05","guid":{"rendered":"http:\/\/blackenedroots.com\/blog\/?p=9096"},"modified":"2023-03-19T14:56:05","modified_gmt":"2023-03-19T21:56:05","slug":"leaving-schonecken","status":"publish","type":"post","link":"https:\/\/blackenedroots.com\/blog\/leaving-schonecken\/","title":{"rendered":"Leaving Sch\u00f6necken"},"content":{"rendered":"<p><img data-recalc-dims=\"1\" decoding=\"async\" data-attachment-id=\"9065\" data-permalink=\"https:\/\/blackenedroots.com\/blog\/the-gores-homeland-part-1\/oldest_photo_of_schonecken\/\" data-orig-file=\"https:\/\/i0.wp.com\/blackenedroots.com\/blog\/wp-content\/uploads\/2023\/03\/Oldest_Photo_of_Schonecken.jpeg?fit=600%2C470&amp;ssl=1\" data-orig-size=\"600,470\" data-comments-opened=\"1\" data-image-meta=\"{&quot;aperture&quot;:&quot;0&quot;,&quot;credit&quot;:&quot;&quot;,&quot;camera&quot;:&quot;&quot;,&quot;caption&quot;:&quot;&quot;,&quot;created_timestamp&quot;:&quot;0&quot;,&quot;copyright&quot;:&quot;&quot;,&quot;focal_length&quot;:&quot;0&quot;,&quot;iso&quot;:&quot;0&quot;,&quot;shutter_speed&quot;:&quot;0&quot;,&quot;title&quot;:&quot;&quot;,&quot;orientation&quot;:&quot;0&quot;}\" data-image-title=\"Oldest_Photo_of_Schonecken\" data-image-description=\"\" data-image-caption=\"\" data-large-file=\"https:\/\/i0.wp.com\/blackenedroots.com\/blog\/wp-content\/uploads\/2023\/03\/Oldest_Photo_of_Schonecken.jpeg?fit=584%2C457&amp;ssl=1\" class=\"alignright wp-image-9065 size-thumbnail\" src=\"https:\/\/i0.wp.com\/blackenedroots.com\/blog\/wp-content\/uploads\/2023\/03\/Oldest_Photo_of_Schonecken-150x118.jpeg?resize=150%2C118\" alt=\"Oldest photograph of Sch\u00f6necken (ca. 1880\u20131890)\" width=\"150\" height=\"118\" srcset=\"https:\/\/i0.wp.com\/blackenedroots.com\/blog\/wp-content\/uploads\/2023\/03\/Oldest_Photo_of_Schonecken.jpeg?resize=150%2C118&amp;ssl=1 150w, https:\/\/i0.wp.com\/blackenedroots.com\/blog\/wp-content\/uploads\/2023\/03\/Oldest_Photo_of_Schonecken.jpeg?resize=300%2C235&amp;ssl=1 300w, https:\/\/i0.wp.com\/blackenedroots.com\/blog\/wp-content\/uploads\/2023\/03\/Oldest_Photo_of_Schonecken.jpeg?resize=383%2C300&amp;ssl=1 383w, https:\/\/i0.wp.com\/blackenedroots.com\/blog\/wp-content\/uploads\/2023\/03\/Oldest_Photo_of_Schonecken.jpeg?w=600&amp;ssl=1 600w\" sizes=\"(max-width: 150px) 100vw, 150px\" \/>In a recent series of posts about the deep history of Sch\u00f6necken, Germany, I covered the human history and prehistory of the area from when Neanderthals roamed the area in the Middle Paleolithic (roughly 200,000\u201340,000 years ago) until the European Potato Failure of 1845\u20131846 caused famine across the continent. You can review that history here: <a href=\"http:\/\/blackenedroots.com\/blog\/the-gores-homeland-part-1\/\" target=\"_blank\" rel=\"noopener\">Part 1<\/a>,\u00a0<a href=\"http:\/\/blackenedroots.com\/blog\/the-gores-homeland-part-2\/\" target=\"_blank\" rel=\"noopener\">Part 2<\/a>, and\u00a0<a href=\"http:\/\/blackenedroots.com\/blog\/the-gores-homeland-part-3\/\" target=\"_blank\" rel=\"noopener\">Part 3<\/a>.<\/p>\n<p>Now that we know what was happening and when in Sch\u00f6necken&#8217;s history, let&#8217;s review my Franz Gores&#8217; decision to emigrate from the land where his forebears had lived for hundreds, if not thousands, of years.<\/p>\n<p>Franz Gores was born on June 2, 1826, in the Sch\u00f6necken area to Nicholas Gores (1800\u20131867) and Susanna (Wallerius) Gores (1799\u2013?). The Gores, like everyone in Sch\u00f6necken, were Catholic, and they had young Franz baptized at the church in Wetteldorf the day after he was born, on June 3, 1826.<\/p>\n<p>Before we go any further into Franz&#8217;s life, let&#8217;s take a look at the lives of his parents: Nicholas Gores and Susanna Wallerius, who\u00a0were both born at the very end of the 18th century in Sch\u00f6necken.<!--more--><\/p>\n<div id=\"attachment_9065\" style=\"width: 610px\" class=\"wp-caption aligncenter\"><a href=\"https:\/\/i0.wp.com\/blackenedroots.com\/blog\/wp-content\/uploads\/2023\/03\/Oldest_Photo_of_Schonecken.jpeg\" target=\"_blank\" rel=\"noopener\"><img data-recalc-dims=\"1\" decoding=\"async\" aria-describedby=\"caption-attachment-9065\" data-attachment-id=\"9065\" data-permalink=\"https:\/\/blackenedroots.com\/blog\/the-gores-homeland-part-1\/oldest_photo_of_schonecken\/\" data-orig-file=\"https:\/\/i0.wp.com\/blackenedroots.com\/blog\/wp-content\/uploads\/2023\/03\/Oldest_Photo_of_Schonecken.jpeg?fit=600%2C470&amp;ssl=1\" data-orig-size=\"600,470\" data-comments-opened=\"1\" data-image-meta=\"{&quot;aperture&quot;:&quot;0&quot;,&quot;credit&quot;:&quot;&quot;,&quot;camera&quot;:&quot;&quot;,&quot;caption&quot;:&quot;&quot;,&quot;created_timestamp&quot;:&quot;0&quot;,&quot;copyright&quot;:&quot;&quot;,&quot;focal_length&quot;:&quot;0&quot;,&quot;iso&quot;:&quot;0&quot;,&quot;shutter_speed&quot;:&quot;0&quot;,&quot;title&quot;:&quot;&quot;,&quot;orientation&quot;:&quot;0&quot;}\" data-image-title=\"Oldest_Photo_of_Schonecken\" data-image-description=\"\" data-image-caption=\"\" data-large-file=\"https:\/\/i0.wp.com\/blackenedroots.com\/blog\/wp-content\/uploads\/2023\/03\/Oldest_Photo_of_Schonecken.jpeg?fit=584%2C457&amp;ssl=1\" class=\"wp-image-9065 size-full\" src=\"https:\/\/i0.wp.com\/blackenedroots.com\/blog\/wp-content\/uploads\/2023\/03\/Oldest_Photo_of_Schonecken.jpeg?resize=584%2C457\" alt=\"Oldest photograph of Sch\u00f6necken (ca. 1880\u20131890)\" width=\"584\" height=\"457\" srcset=\"https:\/\/i0.wp.com\/blackenedroots.com\/blog\/wp-content\/uploads\/2023\/03\/Oldest_Photo_of_Schonecken.jpeg?w=600&amp;ssl=1 600w, https:\/\/i0.wp.com\/blackenedroots.com\/blog\/wp-content\/uploads\/2023\/03\/Oldest_Photo_of_Schonecken.jpeg?resize=300%2C235&amp;ssl=1 300w, https:\/\/i0.wp.com\/blackenedroots.com\/blog\/wp-content\/uploads\/2023\/03\/Oldest_Photo_of_Schonecken.jpeg?resize=150%2C118&amp;ssl=1 150w, https:\/\/i0.wp.com\/blackenedroots.com\/blog\/wp-content\/uploads\/2023\/03\/Oldest_Photo_of_Schonecken.jpeg?resize=383%2C300&amp;ssl=1 383w\" sizes=\"(max-width: 584px) 100vw, 584px\" \/><\/a><p id=\"caption-attachment-9065\" class=\"wp-caption-text\">The oldest known photograph of Sch\u00f6necken, taken around 1880\u20131890. From https:\/\/www.schoenecken.com\/HTML\/bellacosta1b.htm<\/p><\/div>\n<h1 class=\"p1\">His father Nicholas Gores (1800\u20131867)<\/h1>\n<p class=\"p2\">Nicholas was born on March 29, 1800, during the period in which Sch\u00f6necken was part of France, in the D\u00e9partement de la Sarre. French nobility flocked to Sch\u00f6necken and surrounding areas in 1791 to escape the French Revolution, and by 1792, the area around Sch\u00f6necken was under French occupation. The area would formally be annexed by France in 1797 as a result of the\u00a0<a href=\"https:\/\/en.wikipedia.org\/wiki\/Treaty_of_Campo_Formio\" target=\"_blank\" rel=\"noopener\">Treaty of Campo Formio<\/a>. Sch\u00f6necken would remain under formal French control until 1814, but under practical French control until 1818, so for the entirety of Nicholas&#8217; childhood, he was a German-speaking citizen of France.<\/p>\n<p class=\"p2\">Nicholas was the fourth child and third son of Martin Gores and Anna Catharina (Gottlein) Gores, who themselves had been born and married in Sch\u00f6necken. Martin and Anna Gores had nine children together:<\/p>\n<ul>\n<li class=\"p3\">Franz Josep Gores (born October 29, 1793)<\/li>\n<li class=\"p3\">Maria Catharina Gores (born March 4, 1796)<\/li>\n<li class=\"p3\">Theodor Gores (born February 19, 1798)<\/li>\n<li class=\"p3\">Nicholas Gores (born March 29, 1800)<\/li>\n<li class=\"p3\">Susanna Gores (born March 28, 1803)<\/li>\n<li class=\"p3\">Magdalena Gores (born August 26, 1805)<\/li>\n<li class=\"p3\">Friederich Gores (born November 7, 1807)<\/li>\n<li class=\"p3\">Maria Magdalena Gores (born March 14, 1810)<\/li>\n<li class=\"p3\">Anna Catharina Gores (born ca. 1811)<\/li>\n<\/ul>\n<p class=\"p2\">Martin and Anna&#8217;s youngest daughter at the time, Susanna, died on March 8, 1805, just shy of her first birthday, when Nicholas was not quite five years old. Anna was four months pregnant with their next child (Magdalena) when Susanna died. Magdalena was born five months later, and then son Friederich was both two years after that. Magdalena only lived to be 3\u00bd years old and died on May 9, 1809, when Nicholas was 9 years old. Martin and Anna&#8217;s next child, Marie Magdalena, was born 10 months after Magdalena died. Martin and Anna&#8217;s youngest child, Anna Catharina, was born in 1811.<\/p>\n<p class=\"p2\">While the loss of two children from 1805\u20131809 was devastating for the family, their family&#8217;s situation would soon get much worse. Martin and Anna&#8217;s son Friederich lived to be only 4\u00bd years old and died on March 3, 1812, when Nicholas was 11 years old. Their youngest child, Anna Catharina died less than three weeks later aged just 1 year on March 21, 1812. That same day, Nicholas&#8217; mother Anna Catharina died, aged 41. Nicholas&#8217; father Martin was left alone with five children: Franz Josep (18), Maria Catharina (16), Theodor (14), Nicholas (11), and Maria Magdalena (2).<\/p>\n<p class=\"p2\">Within nine months, the 49-year-old Martin was married again, to a 30-year-old woman named Anna Lucia Pint. The couple were married on December 3, 1812, in Sch\u00f6necken. The world grew darker and colder than normal in earliest February 1814 as ash from the explosion of the Mayon volcano in the Philippines began obscuring the sun. Martin and Anna&#8217;s family would have had little idea why the skies were darker, nor would they have realized it marked the beginning of the Great Famine of 1815\u20131816. The effects of this famine would devastate their family.<\/p>\n<p class=\"p2\">On December 11, 1814, a little over two years after they were married, Martin and second wife Anna welcomed their daughter Margaretha to the world. Nicholas&#8217; stepmother Anna died just nine days after giving birth to their new daughter. Nicholas was just 14 years old. Baby Margaretha died a year later on December 17, 1815, just days after her first birthday. Six months later, on May 6, 1816, their 6-year-old daughter Maria Magdalena died. Nicholas was barely 16 years old.<\/p>\n<p class=\"p2\">In the space of 11 years\u2014from when he was 5 years old until he was 16 years old\u2014Nicholas lost his mother, his stepmother, his younger brother, his four younger sisters, and his baby half-sister. I haven&#8217;t found recorded causes of death, but the later deaths seem almost certainly due to the Great Famine of 1815\u20131816, and the earlier deaths were likely due to famine, poverty, and disease. Not only would this have been emotionally devastating for Nicholas and his family, but the fact that it all happened during the period that Sch\u00f6necken was annexed by Napoleonic France could not have improved their attitude towards France, despite their shared Catholicism.<\/p>\n<p class=\"p2\">During this chaotic time, the Prussian king authorized a law that required for universal male conscription into the Prussian military. When a Prussian man turned 20, he was to be drafted into three years of compulsory service in the standing army, after which he spent two years in the active reserve, then seven years in the first levy of the <i>Landwehr<\/i> (which would be called to serve with the field army during a time of war), then seven years in the second levy of the <i>Landwehr<\/i> (which during a time of war would occupy fortresses and perform duties of home defense). While Sch\u00f6necken was not yet part of Prussia, the 1814\u20131815 Congress of Vienna and the subsequent 1815 Treaty of Vienna made it clear that the Grand Duchy of the Lower Rhine to which Sch\u00f6necken belonged, would be annexed by Prussia. If Nicholas followed the news of the time, he would have been aware that his future and the future of any sons he had would be inextricably linked to Prussia\u2019s military.<\/p>\n<p class=\"p1\"><b>His mother Susanna Wallerius (ca. 1799\u2013 ? )<\/b><\/p>\n<p class=\"p2\">Susanna was the eldest child of Johann Wilhelm Wallerius and Anna Maria Munkler, who had both also been born, raised, and married in Sch\u00f6necken. Susanna&#8217;s father Johann had first married Anna Regina Gegen in Sch\u00f6necken on May 8, 1781. Four years later, the couple had their first child\u2014a boy named Ferdinand who was born on September 20, 1785. Their next three children all died very young between 1793 and 1795: Maria Clara (March 18 1790\u2013August 27, 1793), Franz Georg (April 1\u2013April 12, 1793), and Susanna (June 1, 1794\u2013March 11, 1795). On April 1, 1798, three years after the death of their youngest child, Susanna, mother Anna Regina (Gegen) Wallerius herself died, aged 41.<\/p>\n<p class=\"p2\">Susanna&#8217;s father Johann was left a widower with a 13-year-old son Ferdinand. Johann quickly remarried a 35-year-old woman named Margaretha (\u201cAnna Maria\u201d) Munckler, who had been born in Eschfield, a small town 12 miles west of Sch\u00f6necken. Anna Maria was pregnant by June 5, 1798. Susanna was born on March 5, 1799, and was almost certainly named after Anna Maria\u2019s mother Susanna Munckler. Only 6 months after giving birth to Susanna, Anna Maria was once again pregnant, this time with twin girls. Seven months into the pregnancy, Susanna&#8217;s father Johann died at age 42, leaving a 15-year-old son Ferdinand, a 9-month-old daughter Susanna, and a 37-year-old wife who was 6 months pregnant with twins. Anna Maria gave birth to twin daughters Margaretha and Maria Catharina on July 29, 1800. Less than two months after giving birth to her twin daughters, and 16 months after her husband Johann died, Anna Maria herself died at age 38.<\/p>\n<p class=\"p2\">I do not yet know where or how the now-orphaned Susanna and her three siblings spent the rest of their childhood.<\/p>\n<p class=\"p1\"><b>The family of Nicholas and Susanna Gores<\/b><\/p>\n<p class=\"p2\">Nicholas Gores and Susanna Wallerius had both been raised in Sch\u00f6necken as German-speaking citizens of France, had both lived through times of incredible famine and poverty, and had both seen many members of their immediate families die as a result of the difficult living conditions. They certainly would have had a lot in common that may have helped draw them closer.<\/p>\n<p class=\"p2\">Nicholas and Susanna got married in Sch\u00f6necken on June 27, 1822, when she was 23 years old and he was 22 years old. A year later, Nicholas and Susanna welcomed the birth of their first child, Martinus Gores, on July 4, 1823.<\/p>\n<p class=\"p2\">Nicholas and Susanna Gores had seven children together over the next 14 years:<\/p>\n<ul>\n<li class=\"p3\">Johann Josep Gores (born October 19, 1824)<\/li>\n<li class=\"p3\">Franz Gores (born June 3, 1826)<\/li>\n<li class=\"p3\">Maria Anna Gores (born January 31, 1828)<\/li>\n<li class=\"p3\">Martin Gores (born February 3, 1830)<\/li>\n<li class=\"p3\">Anna Catharina Gores (born August 12, 1832)<\/li>\n<li class=\"p3\">Margaret Gores (born June 2, 1834)<\/li>\n<li class=\"p3\">Nicolas Gores (born July 11, 1837)<\/li>\n<\/ul>\n<p class=\"p2\">All of their children were born in Sch\u00f6necken and baptized in the church in Wetteldorf. Their youngest daughter Margaret died on December 6, 1834, when she was only six months old. Their youngest son Nicolas died on November 20, 1839, when he was just 2\u00bd years old. Their five eldest children all survived into adulthood.<\/p>\n<h1>The childhood years of Nicholas and Susanna Gores&#8217; children<\/h1>\n<p class=\"p2\">The Gores children grew up during a period of political and religious tension. Sch\u00f6necken and the rest of what were now the western provinces of Prussia had never been part of Prussia before they became Prussian in 1818, and the citizens of these western provinces were regarded as outsiders by the rest of Prussia. Furthermore, Sch\u00f6necken\u2019s populace was primarily Roman Catholic, and their new king, Frederick William III, who ruled over the region from 1818 to 1840, was not sympathetic to its Catholic subjects. He sought to unite the country\u2019s Lutherans and Calvinists into a united Evangelical Christian Church to present a united front against the Catholic Church.<\/p>\n<p class=\"p2\">In addition to being regarded as politically and religiously alien, the Gores family appear to have experienced another year of food shortages while the Gores children were young, as the <span class=\"s1\">Sch\u00f6necken.com<\/span> notes that 1831 was \u2018another year of famine and hardship in the Eifel mountains\u2019 (<i>\u201cEin weiteres Hunger- und Notjahr in der Eifel\u201d<\/i>).<\/p>\n<p class=\"p2\">Although the Gores children were young during this time, they would have been aware of the hardships and would have witnessed the tension that the adults of the town felt due to being newly Prussian. Such tension and hardships can leave a lasting impression on young children.<\/p>\n<p class=\"p2\">Added to this was the ongoing threat of compulsory Prussian military service for men between the ages of 20 and 39. Their father Nicholas saw the end of his two decades of military service to Prussia in 1839, but his three eldest sons were about to start their military service in 1843, 1844, and 1846.<\/p>\n<p class=\"p2\">Nicholas\u2019 father Martin Gores, a widower for 30 years after losing both of his wives from 1812\u20131814 and six of his children from 1805\u20131816, died on June 21, 1844, at the age of 80 years. The deaths of his wives and children were almost certainly due in part to the crop failures, the Great Famine, and the extreme weather changes during 1814\u20131816.<\/p>\n<p class=\"p1\">As a reminder, here is an account from <span class=\"s1\"><a href=\"https:\/\/www.schoenecken.com\/HTML\/og6.htm\" target=\"_blank\" rel=\"noopener\">Sch\u00f6necken.com<\/a> about the effects of the Great Famine on Sch\u00f6necken (translation mine):<\/span><\/p>\n<blockquote><p>After the failed harvests of 1815 and 1816, grain prices rose by more than 100% in 1816, and wheat was no longer traded on the market in Pr\u00fcm. People baked bread from rotten potatoes and overcooked turnips. Extreme famine broke out in the districts of Daun and Pr\u00fcm. In those years, the infant mortality rate was very high. Poor associations were formed everywhere and in the Trier district donations were made for the needy Eifel population. Prussia even bought wheat from Russia to alleviate the need, but the deliveries came far too late.<\/p><\/blockquote>\n<p>Soon after the end of the Great Famine, wolf attacks on children began to happen throughout the Eifel. These continued for 20 years, until an Order was decreed in 1838 compelling communities to undertake wolf hunts to stop the attacks. My ancestor Franz and his siblings would have only known a world filled with fear of wolf attacks until he was 12 years old.<\/p>\n<p>Due to encouragement from the Prussian government, and possibly partly in response to the crop failures of 1815\u20131816, most farmers in the Eifel focused on growing potatoes. This heavy reliance on a single crop caused widespread famine and death in 1845 and 1846 as potato blight struck the Eifel and greatly reduced potato harvests.<\/p>\n<p class=\"p2\">In 1847, when the Gores children were reaching adulthood, another series of crises befell Prussia and many of the German states: catastrophic crop failures, bread riots, economic recession, and government incapability. These hardships sparked the German revolutions of 1848\u20131849, called the March Revolution. Protestors demanded pan-German civil rights, a constitution, and a greater voice in government. The King Frederick William IV initially yielded to the protesters\u2019 demands, but then clamped down on public demonstrations. This led to a stand-off between police and protestors that led to hundreds of civilian deaths. Within a week, the Kaiser agreed to convene a National Assembly to work on German unification and to draft a more liberal constitution. His initial promises did not bear out, and the King of Prussia used military force to crush the revolutionaries throughout the German Confederation.<\/p>\n<p>In 1848, Prussia went to war (the <a href=\"https:\/\/en.wikipedia.org\/wiki\/First_Schleswig_War\" target=\"_blank\" rel=\"noopener\">First Schleswig War<\/a>) in southern Denmark. The war would end up lasting three years and represented a decisive Prussian defeat with over 8,300 Prussians killed, wounded, or captured. This must have been concerning for the three eldest Gores sons, who would all have been of mandatory conscription age during this war.<\/p>\n<p>During this time (actually, going back to the Prussian tax reforms of 1820), the Gores family would have also be burdened by oppressive and regressive taxation, a situation that led another local man who was just 8 years older that my ancestor Franz Gores\u2014<a href=\"https:\/\/en.wikipedia.org\/wiki\/Karl_Marx\" target=\"_blank\" rel=\"noopener\">Karl Marx<\/a>\u2014to speak up politically and draft the <a href=\"https:\/\/en.wikipedia.org\/wiki\/The_Communist_Manifesto\" target=\"_blank\" rel=\"noopener\"><em>Communist Manifesto<\/em><\/a> as a way to protect Prussian workers from the predations of the wealthy and powerful<sup class=\"modern-footnotes-footnote \" data-mfn=\"1\" data-mfn-post-scope=\"000000005ac9f5e600000000304a720c_9096\"><a href=\"javascript:void(0)\"  role=\"button\" aria-pressed=\"false\" aria-describedby=\"mfn-content-000000005ac9f5e600000000304a720c_9096-1\">1<\/a><\/sup><span id=\"mfn-content-000000005ac9f5e600000000304a720c_9096-1\" role=\"tooltip\" class=\"modern-footnotes-footnote__note\" tabindex=\"0\" data-mfn=\"1\">With radical demands that included a progressive income tax, the abolition of child labor, and free public education.<\/span>.<\/p>\n<p>Among the taxes that the Gores family had to pay were the milling and slaughter tax (<em>Mahl- und Schlachtsteuer<\/em>), which taxed consumer staples like wheat flour, rye flour, pork, beef, potatoes, and butter. Because people needed generally the same amount of food to eat, regardless of their income level, and because poorer families paid a much higher percentage of their money in taxes on these staples, this was a notoriously regressive tax. The class tax (<em>Klassensteuer<\/em>) was levied on adults between the ages of 16 and 60. The class tax divided all Prussian citizens except nobility into five broad classes:<\/p>\n<ol>\n<li>Wealthiest citizens<\/li>\n<li>Wealthy bourgeois<\/li>\n<li>Moderately wealthy bourgeois<\/li>\n<li>Poorer bourgeois, farmers, and tradesmen<\/li>\n<li>Day laborers, servants, and wage workers<\/li>\n<\/ol>\n<p>The nobility did not have to pay a class tax, nor did most citizens living in large cities. All other Prussian households had to pay one of five flat amounts depending on which &#8216;class&#8217; they were. Farmers all had to pay the same flat rate, regardless of whether their crops failed or whether they were unable to sell their crops for a fair price. Tax assessments were based on income obtained during &#8216;normal&#8217; years, and were not revised in response to annual fluctuations in income. What this meant was that if taxes were difficult to pay during a normal year, they became impossible to pay during any of the frequent crop failure years. But, as the taxes still had to be paid, poorer families would be forced to either sell land or equipment necessary to farm the land or to take out private loans at often usurious interest rates to pay their tax assessment.<\/p>\n<p>The taxes didn&#8217;t end there. There were also land value taxes (on the value of undeveloped land), taxes on financial transactions, inheritance taxes, and more. Additionally, the money that Prussia generated from these taxes was supposed to be filtered back down to pay for local expenses like parish priests and public school teachers. However, the money allocated to supporting these positions was often insufficient, so local parishes and school districts had to levy additional taxes to make up the difference.<\/p>\n<p>The cost of firewood became another unexpected drain on the family budget. Just a generation earlier, any family that needed wood for burning could just go to the local community forests and harvest dead wood. With the local forests having all been clearcut to supply charcoal for iron smelting over the past several decades, wood became a commodity that families had to purchase or barter for. Wood was needed not only for cooking and baking, but also for heating during the final years of the Little Ice Age (which didn&#8217;t end until about 1850), this placed an additional unsustainable economic burden on poor, rural families.<\/p>\n<p>One final economic factor of the mid-19th century in the Sch\u00f6necken area is Prussia&#8217;s refusal to maintain, improve, or build roads in the Eifel region, despite their extreme degradation during times of war. While this may not seem consequential, it effectively locked the rural population of Sch\u00f6necken into poverty. Families would feed themselves by growing their own food and making their own butter. In good years when a family produced more than they needed, they might hope to sell their surplus to have money to set aside for leaner times. The market for these surpluses wasn&#8217;t other Sch\u00f6necken area farmers, but was instead those who lived in towns and cities. As local farmers couldn&#8217;t get goods to markets in nearby towns and cities, poorer families weren&#8217;t able to realize this extra income.<\/p>\n<p>The older Gores siblings\u2014Franz, Johann, and Maria, all in their mid- to late 20s by 1854\u2014would have been all too aware of the hardships faced by their parents, and that they, too, would likely have to have when they married and tried to raise their own families.<\/p>\n<p>Intergenerational poverty, recurring famines, compulsory military service, a militaristic nation that seemed eager for war, regressive taxes, and no clear way to climb out of poverty given the lack of modern infrastructure in the Eifel must have presented a bleak view of the future for the Gores siblings.<\/p>\n<p>There appears to have been light at the end of the tunnel, however, that came in the form of letters written home from family members or acquaintances that left for America and wrote letters home about how much better life was in America. I do not yet know who specifically the Gores heard from in America, but hope to investigate this angle further.<\/p>\n<p>These letters from America were proving so successful in tempting others to emigrate from Prussia to the U.S. that on March 15, 1852, the Board of Directors of the Central Association for German Emigration and Colonization Affairs (<em>Verwaltungsrat des zentral-vereins f\u00fcr die Deutsche Auswanderungs- und Kolonisations-Angelegenheiten<\/em>) wrote an open appeal entitled &#8220;To all who want to emigrate&#8221; in which they tried to convince Prussians that the climate in America wasn&#8217;t as good as letter-writers reported, that the potential for profit wasn&#8217;t as high as letter-writers reported, that the available jobs weren&#8217;t as good as letter-writers reported, that Catholic priests weren&#8217;t as good as in Prussia, that medical doctors weren&#8217;t as good as in Prussia, that fever and sickness were widespread, and that emigrants would feel like they were abandoned in a lonely jungle with no one to help them and with no one who spoke their language.<\/p>\n<p>The letter went on to state that people receiving such letters from abroad shouldn&#8217;t trust them, as the letter-writers may be lying to them, passing on unverified hearsay stories, or may actually be from agents of shipping companies trying to drum up business. The letter ends with this all-caps, bold-letter admonition: &#8220;<strong>STAY IN THE COUNTRY AND FEED YOURSELF HONESTLY!<\/strong>&#8221;<\/p>\n<p>The letter failed to stem the tide of Western Prussians wishing to emigrate to the United States.<\/p>\n<p>In a comprehensive study of all documented emigrants, legal and illegal, from the Pr\u00fcm District during the 19th century<sup class=\"modern-footnotes-footnote \" data-mfn=\"2\" data-mfn-post-scope=\"000000005ac9f5e600000000304a720c_9096\"><a href=\"javascript:void(0)\"  role=\"button\" aria-pressed=\"false\" aria-describedby=\"mfn-content-000000005ac9f5e600000000304a720c_9096-2\">2<\/a><\/sup><span id=\"mfn-content-000000005ac9f5e600000000304a720c_9096-2\" role=\"tooltip\" class=\"modern-footnotes-footnote__note\" tabindex=\"0\" data-mfn=\"2\">Mergen, Josef (1953) <em>Die Amerika-Auswanderung aus dem Kreis Pr\u00fcm im 19. Jahrhundert.<\/em><\/span>, the Gores siblings were not listed among the names of those who had applied for permission to emigrate. Thus, they either applied for emigration permission in a different district (which seems unlikely, as their home district would still have been sent paperwork in that case), or they left without seeking official permission to emigrate. For now, I&#8217;ll assume the latter.<\/p>\n<p>According to a list on the <a href=\"https:\/\/www.schoenecken.com\/\" target=\"_blank\" rel=\"noopener\"><span class=\"s1\">schoenecken.com<\/span><\/a>, eldest sibling Johann emigrated illegally (\u201cillegal ausgewandert\u201d) and he was found on a list of conscientious objectors and deserters (\u201cgefunden in Liste R\u00e9fractaire\/D\u00e9serteure 1850-1901\u201d). The list states that he was \u2018refractory\u2019 (\u201c<i>R\u00e9fractair 1858<\/i>\u201d\u2014either a draft evader or a conscientious objector in 1858), so he was clearly in communication with the German authorities long after he arrived in the United States. This same list states that he died before 1863 (\u201c<i>vor 1863 verstorben<\/i>\u201d), which appears to be gleaned from the same list of deserters referenced above. Johann did not actually die until 1909, so perhaps he had his father or another relative report to the German authorities that he had died in America, to avoid potential future problems?<\/p>\n<p>The excellent MigraBase database (http:\/\/www.wgff-migrabase.de\/) lists no members of the Gores family or allied families (Linden, Wallerius, Munckler, or Gottlein) from the Sch\u00f6necken\/Wetteldorf area who travelled to America before the Gores siblings did so in 1854<\/p>\n<p class=\"p2\">This combination of hardship, famine, poverty, overtaxation, and compulsory military service obligations that had been endured for at least two generations may have provided the impetus to try to start afresh in America. Letters home from as-yet-unidentified family or friends may have provided strong motivation to follow through on these plans.<\/p>\n<p class=\"p2\">Whatever the cause, the Gores siblings were not alone in wanting to flee Prussia at this time. According to a timeline on <a href=\"https:\/\/www.schoenecken.com\/HTML\/og6.htm\" target=\"_blank\" rel=\"noopener\"><span class=\"s1\">Schoenecken.com<\/span><\/a>, an unexpected wave of emigration to the New World began around 1847\u20131850, with over 260 people leaving the Sch\u00f6necken area for America:<\/p>\n<blockquote>\n<p class=\"p4\"><i>um 1850: Eine ungeahnte Auswanderungswelle in die neue Welt setzt ein. Weit \u00fcber 250 Personen aus Sch\u00f6necken wandern zwischen 1847 und 1922 nach Amerika aus,<span class=\"Apple-converted-space\">\u00a0 <\/span>Wetteldorf (38), Seiwerath (7), Lasel (20), Nimhuscheid (19), Wawern (20), Feuerscheid (43) und anderen Orten der Umgebung (115).<\/i><\/p>\n<\/blockquote>\n<p class=\"p2\">I have found scant evidence for the family in Prussia or Germany after the death of son Nicolaus on November 20, 1839. Some genealogists claim that Nicholas\u2019 parents\u2014Martin Gores and Anna Catharina (Gottlein) Gores\u2014died in 1850, but no evidence is presented in support of this claim. Nicholas himself appears to have remained in Sch\u00f6necken with his and two youngest children, as church records in the archives of the Trier Diocese show that he was buried in Wetteldorf (less than \u00bd mile south of Sch\u00f6necken) on June 2, 1867.<\/p>\n<p>The three oldest Gores siblings\u201430-year-old Johann, 27-year-old Franz, and 25-year-old Maria\u2014appear to have made their way to Pr\u00fcm, just 4 miles northwest of Sch\u00f6necken, and from there took a train to Aachen via Glaadt via Montjoie (now Monschau). At Aachen, they would have transferred to the Cologne\u2013Antwerp mainline train.<\/p>\n<div id=\"attachment_9121\" style=\"width: 930px\" class=\"wp-caption aligncenter\"><a href=\"https:\/\/i0.wp.com\/blackenedroots.com\/blog\/wp-content\/uploads\/2023\/03\/Bahnkarte_Deutschland_1849_detail.jpg\" target=\"_blank\" rel=\"noopener\"><img data-recalc-dims=\"1\" decoding=\"async\" aria-describedby=\"caption-attachment-9121\" data-attachment-id=\"9121\" data-permalink=\"https:\/\/blackenedroots.com\/blog\/leaving-schonecken\/bahnkarte_deutschland_1849_detail\/\" data-orig-file=\"https:\/\/i0.wp.com\/blackenedroots.com\/blog\/wp-content\/uploads\/2023\/03\/Bahnkarte_Deutschland_1849_detail.jpg?fit=920%2C948&amp;ssl=1\" data-orig-size=\"920,948\" data-comments-opened=\"1\" data-image-meta=\"{&quot;aperture&quot;:&quot;0&quot;,&quot;credit&quot;:&quot;&quot;,&quot;camera&quot;:&quot;&quot;,&quot;caption&quot;:&quot;&quot;,&quot;created_timestamp&quot;:&quot;0&quot;,&quot;copyright&quot;:&quot;&quot;,&quot;focal_length&quot;:&quot;0&quot;,&quot;iso&quot;:&quot;0&quot;,&quot;shutter_speed&quot;:&quot;0&quot;,&quot;title&quot;:&quot;&quot;,&quot;orientation&quot;:&quot;1&quot;}\" data-image-title=\"Bahnkarte_Deutschland_1849_detail\" data-image-description=\"\" data-image-caption=\"\" data-large-file=\"https:\/\/i0.wp.com\/blackenedroots.com\/blog\/wp-content\/uploads\/2023\/03\/Bahnkarte_Deutschland_1849_detail.jpg?fit=584%2C602&amp;ssl=1\" class=\"wp-image-9121 size-full\" src=\"https:\/\/i0.wp.com\/blackenedroots.com\/blog\/wp-content\/uploads\/2023\/03\/Bahnkarte_Deutschland_1849_detail.jpg?resize=584%2C602\" alt=\"\" width=\"584\" height=\"602\" srcset=\"https:\/\/i0.wp.com\/blackenedroots.com\/blog\/wp-content\/uploads\/2023\/03\/Bahnkarte_Deutschland_1849_detail.jpg?w=920&amp;ssl=1 920w, https:\/\/i0.wp.com\/blackenedroots.com\/blog\/wp-content\/uploads\/2023\/03\/Bahnkarte_Deutschland_1849_detail.jpg?resize=291%2C300&amp;ssl=1 291w, https:\/\/i0.wp.com\/blackenedroots.com\/blog\/wp-content\/uploads\/2023\/03\/Bahnkarte_Deutschland_1849_detail.jpg?resize=146%2C150&amp;ssl=1 146w, https:\/\/i0.wp.com\/blackenedroots.com\/blog\/wp-content\/uploads\/2023\/03\/Bahnkarte_Deutschland_1849_detail.jpg?resize=768%2C791&amp;ssl=1 768w\" sizes=\"(max-width: 584px) 100vw, 584px\" \/><\/a><p id=\"caption-attachment-9121\" class=\"wp-caption-text\">Detail of 1848 rail map of Prussia and Belgium showing the rail route from Pr\u00fcm to Antwerp. https:\/\/en.wikipedia.org\/wiki\/History_of_rail_transport_in_Germany#\/media\/File:Bahnkarte_Deutschland_1849.jpg<\/p><\/div>\n<p class=\"p2\">Once in Antwerp, the the three Gores siblings boarded the <i>William Laytin, <\/i>a sailing ship taking 490 passengers to New York, where they would land on May 26th. The three siblings are listed on the passenger list.\u00a0Johann was listed as having been a butcher (\u201c<i>Metzger<\/i>\u201d), and Franz was listed as having been a farmer (\u201c<i>Landwirt<\/i>\u201d) before they emigrated. No occupation was listed for Maria.<\/p>\n<div id=\"attachment_9120\" style=\"width: 594px\" class=\"wp-caption aligncenter\"><a href=\"https:\/\/i0.wp.com\/blackenedroots.com\/blog\/wp-content\/uploads\/2023\/03\/Passenger-list-for-Wm-Laytin-1854.png\" target=\"_blank\" rel=\"noopener\"><img data-recalc-dims=\"1\" decoding=\"async\" aria-describedby=\"caption-attachment-9120\" data-attachment-id=\"9120\" data-permalink=\"https:\/\/blackenedroots.com\/blog\/leaving-schonecken\/passenger-list-for-wm-laytin-1854\/\" data-orig-file=\"https:\/\/i0.wp.com\/blackenedroots.com\/blog\/wp-content\/uploads\/2023\/03\/Passenger-list-for-Wm-Laytin-1854.png?fit=2374%2C246&amp;ssl=1\" data-orig-size=\"2374,246\" data-comments-opened=\"1\" data-image-meta=\"{&quot;aperture&quot;:&quot;0&quot;,&quot;credit&quot;:&quot;&quot;,&quot;camera&quot;:&quot;&quot;,&quot;caption&quot;:&quot;&quot;,&quot;created_timestamp&quot;:&quot;0&quot;,&quot;copyright&quot;:&quot;&quot;,&quot;focal_length&quot;:&quot;0&quot;,&quot;iso&quot;:&quot;0&quot;,&quot;shutter_speed&quot;:&quot;0&quot;,&quot;title&quot;:&quot;&quot;,&quot;orientation&quot;:&quot;0&quot;}\" data-image-title=\"Passenger list for Wm Laytin 1854\" data-image-description=\"\" data-image-caption=\"\" data-large-file=\"https:\/\/i0.wp.com\/blackenedroots.com\/blog\/wp-content\/uploads\/2023\/03\/Passenger-list-for-Wm-Laytin-1854.png?fit=584%2C60&amp;ssl=1\" class=\"wp-image-9120 size-large\" src=\"https:\/\/i0.wp.com\/blackenedroots.com\/blog\/wp-content\/uploads\/2023\/03\/Passenger-list-for-Wm-Laytin-1854-1024x106.png?resize=584%2C60\" alt=\"\" width=\"584\" height=\"60\" srcset=\"https:\/\/i0.wp.com\/blackenedroots.com\/blog\/wp-content\/uploads\/2023\/03\/Passenger-list-for-Wm-Laytin-1854.png?resize=1024%2C106&amp;ssl=1 1024w, https:\/\/i0.wp.com\/blackenedroots.com\/blog\/wp-content\/uploads\/2023\/03\/Passenger-list-for-Wm-Laytin-1854.png?resize=300%2C31&amp;ssl=1 300w, https:\/\/i0.wp.com\/blackenedroots.com\/blog\/wp-content\/uploads\/2023\/03\/Passenger-list-for-Wm-Laytin-1854.png?resize=150%2C16&amp;ssl=1 150w, https:\/\/i0.wp.com\/blackenedroots.com\/blog\/wp-content\/uploads\/2023\/03\/Passenger-list-for-Wm-Laytin-1854.png?resize=768%2C80&amp;ssl=1 768w, https:\/\/i0.wp.com\/blackenedroots.com\/blog\/wp-content\/uploads\/2023\/03\/Passenger-list-for-Wm-Laytin-1854.png?resize=1536%2C159&amp;ssl=1 1536w, https:\/\/i0.wp.com\/blackenedroots.com\/blog\/wp-content\/uploads\/2023\/03\/Passenger-list-for-Wm-Laytin-1854.png?resize=2048%2C212&amp;ssl=1 2048w, https:\/\/i0.wp.com\/blackenedroots.com\/blog\/wp-content\/uploads\/2023\/03\/Passenger-list-for-Wm-Laytin-1854.png?resize=500%2C52&amp;ssl=1 500w, https:\/\/i0.wp.com\/blackenedroots.com\/blog\/wp-content\/uploads\/2023\/03\/Passenger-list-for-Wm-Laytin-1854.png?w=1168&amp;ssl=1 1168w, https:\/\/i0.wp.com\/blackenedroots.com\/blog\/wp-content\/uploads\/2023\/03\/Passenger-list-for-Wm-Laytin-1854.png?w=1752&amp;ssl=1 1752w\" sizes=\"(max-width: 584px) 100vw, 584px\" \/><\/a><p id=\"caption-attachment-9120\" class=\"wp-caption-text\">Page 7 of the passenger list of the Ship William Laytin, showing the names of Johan, Frans, and Maria Gores.<\/p><\/div>\n<p>The passengers on the <i>William Laytin<\/i> were from Switzerland and Prussia, with a handful from the Netherlands, Belgium, and \u201cGermania.\u201d No one was listed as having died on the journey. The ship reached Castle Island, New York, on May 26, 1854. The ship was a very new ship, having just been built in Williamsburgh, New York, in 1854 to take cargo to Antwerp and to return with passengers. If not the return trip of its maiden voyage, the <i>William Laytin<\/i> was certainly on one of its earliest voyages when the Gores siblings sailed on her to the United States.<\/p>\n<p>The Gores siblings continued from New York to the Minnesota Territory, settling in the Hampton township of Dakota County.<\/p>\n<p class=\"p2\">Their younger sibling Martin stayed in Sch\u00f6necken and was married to Magdalena Nicolai on December 20, 1855, but later emigrated with his entire family in 1868. Younger sister Anna Catherina also emigrated at some point, as she wrote her will on December 10, 1896, in Hastings, Minnesota. Mother Susanna (Wallerius) Gores is also reputed to have emigrated to the U.S. and died in Minnesota, but I have so far found no evidence of this.<\/p>\n<p>I&#8217;ll tell the story of the Gores&#8217; siblings early years in America in a future post, but I can tell you this\u2014life in America turned out better for Gores than they could have reasonably hoped.<\/p>\n","protected":false},"excerpt":{"rendered":"<p>In a recent series of posts about the deep history of Sch\u00f6necken, Germany, I covered the human history and prehistory of the area from when Neanderthals roamed the area in the Middle Paleolithic (roughly 200,000\u201340,000 years ago) until the European &hellip; <a href=\"https:\/\/blackenedroots.com\/blog\/leaving-schonecken\/\">Continue reading <span class=\"meta-nav\">&rarr;<\/span><\/a><\/p>\n","protected":false},"author":3,"featured_media":0,"comment_status":"open","ping_status":"open","sticky":false,"template":"","format":"standard","meta":{"jetpack_post_was_ever_published":false,"_jetpack_newsletter_access":"","_jetpack_dont_email_post_to_subs":false,"_jetpack_newsletter_tier_id":0,"_jetpack_memberships_contains_paywalled_content":false,"_jetpack_memberships_contains_paid_content":false,"footnotes":"","_wp_rev_ctl_limit":""},"categories":[256,186,231,260,135,64,502],"tags":[369],"class_list":["post-9096","post","type-post","status-publish","format-standard","hentry","category-1800s","category-1810s","category-1820s","category-1830s","category-1840s","category-1850s","category-franz-gores-b-1826","tag-germany"],"jetpack_featured_media_url":"","jetpack_sharing_enabled":true,"_links":{"self":[{"href":"https:\/\/blackenedroots.com\/blog\/wp-json\/wp\/v2\/posts\/9096","targetHints":{"allow":["GET"]}}],"collection":[{"href":"https:\/\/blackenedroots.com\/blog\/wp-json\/wp\/v2\/posts"}],"about":[{"href":"https:\/\/blackenedroots.com\/blog\/wp-json\/wp\/v2\/types\/post"}],"author":[{"embeddable":true,"href":"https:\/\/blackenedroots.com\/blog\/wp-json\/wp\/v2\/users\/3"}],"replies":[{"embeddable":true,"href":"https:\/\/blackenedroots.com\/blog\/wp-json\/wp\/v2\/comments?post=9096"}],"version-history":[{"count":5,"href":"https:\/\/blackenedroots.com\/blog\/wp-json\/wp\/v2\/posts\/9096\/revisions"}],"predecessor-version":[{"id":9126,"href":"https:\/\/blackenedroots.com\/blog\/wp-json\/wp\/v2\/posts\/9096\/revisions\/9126"}],"wp:attachment":[{"href":"https:\/\/blackenedroots.com\/blog\/wp-json\/wp\/v2\/media?parent=9096"}],"wp:term":[{"taxonomy":"category","embeddable":true,"href":"https:\/\/blackenedroots.com\/blog\/wp-json\/wp\/v2\/categories?post=9096"},{"taxonomy":"post_tag","embeddable":true,"href":"https:\/\/blackenedroots.com\/blog\/wp-json\/wp\/v2\/tags?post=9096"}],"curies":[{"name":"wp","href":"https:\/\/api.w.org\/{rel}","templated":true}]}}